{"@context":"https:\/\/schema.org\/","@type":"CollectionPage","@id":"https:\/\/www.aprax.cz\/auto\/#CollectionPage","headline":"Auto Category","description":"","url":"https:\/\/www.aprax.cz\/auto\/","hasPart":[{"@type":"Article","@id":"https:\/\/www.aprax.cz\/nebojte-se-o-auto\/","headline":"Nebojte se o auto","url":"https:\/\/www.aprax.cz\/nebojte-se-o-auto\/","datePublished":"2022-11-18","dateModified":"2022-11-18","mainEntityOfPage":"https:\/\/www.aprax.cz\/nebojte-se-o-auto\/","author":{"@type":"Person","@id":"https:\/\/www.aprax.cz\/author\/#Person","name":"","url":"https:\/\/www.aprax.cz\/author\/","identifier":1,"image":{"@type":"ImageObject","@id":"https:\/\/secure.gravatar.com\/avatar\/f5ad5dcd5c02ecc0fdaf1fe4b2e9a39ad5c5cc2b614885090f6f77b1ccabb3a9?s=96&d=mm&r=g","url":"https:\/\/secure.gravatar.com\/avatar\/f5ad5dcd5c02ecc0fdaf1fe4b2e9a39ad5c5cc2b614885090f6f77b1ccabb3a9?s=96&d=mm&r=g","height":96,"width":96}},"publisher":{"@type":"Organization","name":"aprax.cz","logo":{"@type":"ImageObject","@id":"\/logo.png","url":"\/logo.png","width":600,"height":60}},"image":{"@type":"ImageObject","@id":"https:\/\/www.aprax.cz\/wp-content\/uploads\/light-391221_1280.jpg","url":"https:\/\/www.aprax.cz\/wp-content\/uploads\/light-391221_1280.jpg","height":0,"width":0},"keywords":null},{"@type":"Article","@id":"https:\/\/www.aprax.cz\/kdyz-resite-koupi-auta-z-bazaru\/","headline":"Kdy\u017e \u0159e\u0161\u00edte koupi auta z bazaru","url":"https:\/\/www.aprax.cz\/kdyz-resite-koupi-auta-z-bazaru\/","datePublished":"2022-11-07","dateModified":"2023-05-03","mainEntityOfPage":"https:\/\/www.aprax.cz\/kdyz-resite-koupi-auta-z-bazaru\/","author":{"@type":"Person","@id":"https:\/\/www.aprax.cz\/author\/#Person","name":"","url":"https:\/\/www.aprax.cz\/author\/","identifier":1,"image":{"@type":"ImageObject","@id":"https:\/\/secure.gravatar.com\/avatar\/f5ad5dcd5c02ecc0fdaf1fe4b2e9a39ad5c5cc2b614885090f6f77b1ccabb3a9?s=96&d=mm&r=g","url":"https:\/\/secure.gravatar.com\/avatar\/f5ad5dcd5c02ecc0fdaf1fe4b2e9a39ad5c5cc2b614885090f6f77b1ccabb3a9?s=96&d=mm&r=g","height":96,"width":96}},"publisher":{"@type":"Organization","name":"aprax.cz","logo":{"@type":"ImageObject","@id":"\/logo.png","url":"\/logo.png","width":600,"height":60}},"image":{"@type":"ImageObject","@id":"https:\/\/www.aprax.cz\/wp-content\/uploads\/auto_10_10_10_10.JPG","url":"https:\/\/www.aprax.cz\/wp-content\/uploads\/auto_10_10_10_10.JPG","height":0,"width":0},"keywords":null},{"@type":"Article","@id":"https:\/\/www.aprax.cz\/prvni-auto\/","headline":"Prvn\u00ed auto","url":"https:\/\/www.aprax.cz\/prvni-auto\/","datePublished":"2022-01-09","dateModified":"2023-05-03","mainEntityOfPage":"https:\/\/www.aprax.cz\/prvni-auto\/","author":{"@type":"Person","@id":"https:\/\/www.aprax.cz\/author\/#Person","name":"","url":"https:\/\/www.aprax.cz\/author\/","identifier":1,"image":{"@type":"ImageObject","@id":"https:\/\/secure.gravatar.com\/avatar\/f5ad5dcd5c02ecc0fdaf1fe4b2e9a39ad5c5cc2b614885090f6f77b1ccabb3a9?s=96&d=mm&r=g","url":"https:\/\/secure.gravatar.com\/avatar\/f5ad5dcd5c02ecc0fdaf1fe4b2e9a39ad5c5cc2b614885090f6f77b1ccabb3a9?s=96&d=mm&r=g","height":96,"width":96}},"publisher":{"@type":"Organization","name":"aprax.cz","logo":{"@type":"ImageObject","@id":"\/logo.png","url":"\/logo.png","width":600,"height":60}},"image":{"@type":"ImageObject","@id":"https:\/\/www.aprax.cz\/wp-content\/uploads\/auto%20men%C4%8D%C3%AD.JPG","url":"https:\/\/www.aprax.cz\/wp-content\/uploads\/auto%20men%C4%8D%C3%AD.JPG","height":0,"width":0},"keywords":null},{"@type":"Article","@id":"https:\/\/www.aprax.cz\/elektromobily-jsou-dnes-popularnejsi-cim-dal-tim-vice\/","headline":"Elektromobily jsou dnes popul\u00e1rn\u011bj\u0161\u00ed \u010d\u00edm d\u00e1l t\u00edm v\u00edce","url":"https:\/\/www.aprax.cz\/elektromobily-jsou-dnes-popularnejsi-cim-dal-tim-vice\/","datePublished":"2021-11-21","dateModified":"2023-05-03","mainEntityOfPage":"https:\/\/www.aprax.cz\/elektromobily-jsou-dnes-popularnejsi-cim-dal-tim-vice\/","author":{"@type":"Person","@id":"https:\/\/www.aprax.cz\/author\/#Person","name":"","url":"https:\/\/www.aprax.cz\/author\/","identifier":1,"image":{"@type":"ImageObject","@id":"https:\/\/secure.gravatar.com\/avatar\/f5ad5dcd5c02ecc0fdaf1fe4b2e9a39ad5c5cc2b614885090f6f77b1ccabb3a9?s=96&d=mm&r=g","url":"https:\/\/secure.gravatar.com\/avatar\/f5ad5dcd5c02ecc0fdaf1fe4b2e9a39ad5c5cc2b614885090f6f77b1ccabb3a9?s=96&d=mm&r=g","height":96,"width":96}},"publisher":{"@type":"Organization","name":"aprax.cz","logo":{"@type":"ImageObject","@id":"\/logo.png","url":"\/logo.png","width":600,"height":60}},"image":{"@type":"ImageObject","@id":"https:\/\/www.aprax.cz\/wp-content\/uploads\/DSC_8977-1600x800.jpg","url":"https:\/\/www.aprax.cz\/wp-content\/uploads\/DSC_8977-1600x800.jpg","height":0,"width":0},"keywords":null},{"@type":"Article","@id":"https:\/\/www.aprax.cz\/zname-automobilove-znacky\/","headline":"Zn\u00e1m\u00e9 automobilov\u00e9 zna\u010dky","url":"https:\/\/www.aprax.cz\/zname-automobilove-znacky\/","datePublished":"2021-09-19","dateModified":"2023-05-03","mainEntityOfPage":"https:\/\/www.aprax.cz\/zname-automobilove-znacky\/","author":{"@type":"Person","@id":"https:\/\/www.aprax.cz\/author\/#Person","name":"","url":"https:\/\/www.aprax.cz\/author\/","identifier":1,"image":{"@type":"ImageObject","@id":"https:\/\/secure.gravatar.com\/avatar\/f5ad5dcd5c02ecc0fdaf1fe4b2e9a39ad5c5cc2b614885090f6f77b1ccabb3a9?s=96&d=mm&r=g","url":"https:\/\/secure.gravatar.com\/avatar\/f5ad5dcd5c02ecc0fdaf1fe4b2e9a39ad5c5cc2b614885090f6f77b1ccabb3a9?s=96&d=mm&r=g","height":96,"width":96}},"publisher":{"@type":"Organization","name":"aprax.cz","logo":{"@type":"ImageObject","@id":"\/logo.png","url":"\/logo.png","width":600,"height":60}},"image":{"@type":"ImageObject","@id":"https:\/\/www.aprax.cz\/wp-content\/uploads\/ferrari-g0a6a207d2_640.jpg","url":"https:\/\/www.aprax.cz\/wp-content\/uploads\/ferrari-g0a6a207d2_640.jpg","height":0,"width":0},"keywords":null}]}