[{"@context":"https:\/\/schema.org\/","@type":"Article","@id":"https:\/\/www.aprax.cz\/autofolie-ochrana-vam-i-vasemu-automobilu\/#Article","mainEntityOfPage":"https:\/\/www.aprax.cz\/autofolie-ochrana-vam-i-vasemu-automobilu\/","headline":"Autof\u00f3lie ochrana v\u00e1m i va\u0161emu automobilu","name":"Autof\u00f3lie ochrana v\u00e1m i va\u0161emu automobilu","description":"P\u0159ejete si ze sv\u00e9ho auta ud\u011blat zase o n\u011bco p\u0159\u00edjemn\u011bj\u0161\u00ed vozidlo, a tak chcete nainstalovat autof\u00f3lie? Je to mo\u017enost, jak sn\u00ed\u017eit v l\u00e9t\u011b teplotu v aut\u011b, nebo d\u00edky pou\u017eit\u00ed bezpe\u010dnost\u00ed f\u00f3lie zamezit tak rozbit\u00ed skla p\u0159i nehod\u011b, anebo p\u0159i \u0159\u00e1d\u011bn\u00ed zlod\u011bje. Nemus\u00edte se tak b\u00e1t, \u017ee by va\u0161e auta bylo nebezpe\u010dn\u00e9, a\u0165 se jedn\u00e1 o [&hellip;]","datePublished":"2025-03-10","dateModified":"2025-03-10","author":{"@type":"Person","@id":"https:\/\/www.aprax.cz\/author\/#Person","name":"","url":"https:\/\/www.aprax.cz\/author\/","identifier":1,"image":{"@type":"ImageObject","@id":"https:\/\/secure.gravatar.com\/avatar\/f5ad5dcd5c02ecc0fdaf1fe4b2e9a39ad5c5cc2b614885090f6f77b1ccabb3a9?s=96&d=mm&r=g","url":"https:\/\/secure.gravatar.com\/avatar\/f5ad5dcd5c02ecc0fdaf1fe4b2e9a39ad5c5cc2b614885090f6f77b1ccabb3a9?s=96&d=mm&r=g","height":96,"width":96}},"publisher":{"@type":"Organization","name":"aprax.cz","logo":{"@type":"ImageObject","@id":"\/logo.png","url":"\/logo.png","width":600,"height":60}},"url":"https:\/\/www.aprax.cz\/autofolie-ochrana-vam-i-vasemu-automobilu\/","wordCount":184,"articleBody":"P\u0159ejete si ze sv\u00e9ho auta ud\u011blat zase o n\u011bco p\u0159\u00edjemn\u011bj\u0161\u00ed vozidlo, a tak chcete nainstalovat autof\u00f3lie? Je to mo\u017enost, jak sn\u00ed\u017eit v l\u00e9t\u011b teplotu v aut\u011b, nebo d\u00edky pou\u017eit\u00ed bezpe\u010dnost\u00ed f\u00f3lie zamezit tak rozbit\u00ed skla p\u0159i nehod\u011b, anebo p\u0159i \u0159\u00e1d\u011bn\u00ed zlod\u011bje.Nemus\u00edte se tak b\u00e1t, \u017ee by va\u0161e auta bylo nebezpe\u010dn\u00e9, a\u0165 se jedn\u00e1 o nehody, nebo o ostr\u00e9 letn\u00ed slunce. Na\u0161e autof\u00f3lie v\u00e1m tak zajist\u00ed spokojen\u011bj\u0161\u00ed j\u00edzdu, kter\u00e1 se odraz\u00ed na v\u0161ech cestuj\u00edc\u00edch a hlavn\u011b na va\u0161\u00ed radosti z koup\u011b skv\u011bl\u00e9ho syst\u00e9mu.Pom\u016f\u017ee a zlep\u0161\u00edKdy\u017e vyu\u017eijete na\u0161e autof\u00f3lie, uvid\u00edte, \u017ee se v\u00e1m bude hned jezdit l\u00e9pe, a to nejen z pohledu pocitov\u00e9ho, ale i celkov\u00e9ho, proto\u017ee auto, kter\u00e9 nepou\u017e\u00edv\u00e1 klimatizaci, se rovn\u011b\u017e st\u00e1v\u00e1 dynami\u010dt\u011bj\u0161\u00ed. V\u011b\u0159te n\u00e1m, a p\u0159ije\u010fte, uvid\u00edte, \u017ee n\u00e1\u0161 servis se v\u00e1m bude l\u00edbit.                                                                                                                                                                                                                                                                                                                                                                                        5\/5 - (1 vote)        "},{"@context":"https:\/\/schema.org\/","@type":"BreadcrumbList","itemListElement":[{"@type":"ListItem","position":1,"name":"Autof\u00f3lie ochrana v\u00e1m i va\u0161emu automobilu","item":"https:\/\/www.aprax.cz\/autofolie-ochrana-vam-i-vasemu-automobilu\/#breadcrumbitem"}]}]