[{"@context":"https:\/\/schema.org\/","@type":"Article","@id":"https:\/\/www.aprax.cz\/i-vy-zase-muzete-fungovat-jako-drive\/#Article","mainEntityOfPage":"https:\/\/www.aprax.cz\/i-vy-zase-muzete-fungovat-jako-drive\/","headline":"I vy zase m\u016f\u017eete fungovat jako d\u0159\u00edve","name":"I vy zase m\u016f\u017eete fungovat jako d\u0159\u00edve","description":"Pokud je n\u011bco, co m\u016f\u017ee \u010dlov\u011bka velmi ovlivnit, pak jsou to psychick\u00e9 probl\u00e9my. Bohu\u017eel ka\u017ed\u00fd z n\u00e1s se m\u016f\u017ee s n\u011bjak\u00fdm nep\u0159\u00edjemn\u00fdm probl\u00e9mem setkat a ne v\u0161ichni jsou schopni dan\u00fd probl\u00e9m vy\u0159e\u0161it sami. To, \u017ee se \u010dlov\u011bk, kter\u00e9ho n\u011bco tr\u00e1p\u00ed, n\u011bkomu sv\u011b\u0159\u00ed, mu m\u016f\u017ee velmi ulevit. Je ale pot\u0159eba sv\u011b\u0159it se t\u011bm spr\u00e1vn\u00fdm lidem. Pokud [&hellip;]","datePublished":"2021-07-06","dateModified":"2023-11-29","author":{"@type":"Person","@id":"https:\/\/www.aprax.cz\/author\/#Person","name":"","url":"https:\/\/www.aprax.cz\/author\/","identifier":1,"image":{"@type":"ImageObject","@id":"https:\/\/secure.gravatar.com\/avatar\/f5ad5dcd5c02ecc0fdaf1fe4b2e9a39ad5c5cc2b614885090f6f77b1ccabb3a9?s=96&d=mm&r=g","url":"https:\/\/secure.gravatar.com\/avatar\/f5ad5dcd5c02ecc0fdaf1fe4b2e9a39ad5c5cc2b614885090f6f77b1ccabb3a9?s=96&d=mm&r=g","height":96,"width":96}},"publisher":{"@type":"Organization","name":"aprax.cz","logo":{"@type":"ImageObject","@id":"\/logo.png","url":"\/logo.png","width":600,"height":60}},"image":{"@type":"ImageObject","@id":"https:\/\/www.aprax.cz\/wp-content\/uploads\/h%C3%A1daj%C3%ADc%C3%AD%20se%20mu%C5%BE%20a%20%C5%BEena.PNG","url":"https:\/\/www.aprax.cz\/wp-content\/uploads\/h%C3%A1daj%C3%ADc%C3%AD%20se%20mu%C5%BE%20a%20%C5%BEena.PNG","height":0,"width":0},"url":"https:\/\/www.aprax.cz\/i-vy-zase-muzete-fungovat-jako-drive\/","about":["Byznys"],"wordCount":470,"articleBody":"     Pokud je n\u011bco, co m\u016f\u017ee \u010dlov\u011bka velmi ovlivnit, pak jsou to psychick\u00e9 probl\u00e9my. Bohu\u017eel ka\u017ed\u00fd z n\u00e1s se m\u016f\u017ee s n\u011bjak\u00fdm nep\u0159\u00edjemn\u00fdm probl\u00e9mem setkat a ne v\u0161ichni jsou schopni dan\u00fd probl\u00e9m vy\u0159e\u0161it sami. To, \u017ee se \u010dlov\u011bk, kter\u00e9ho n\u011bco tr\u00e1p\u00ed, n\u011bkomu sv\u011b\u0159\u00ed, mu m\u016f\u017ee velmi ulevit. Je ale pot\u0159eba sv\u011b\u0159it se t\u011bm spr\u00e1vn\u00fdm lidem. Pokud m\u00e1te nap\u0159\u00edklad partnera nebo velmi dobr\u00e9 kamar\u00e1dy, kter\u00fdm m\u016f\u017eete \u0159\u00edct naprosto v\u0161e, pak byste toho m\u011bli rozhodn\u011b vyu\u017e\u00edt. Pokud ale n\u011bkoho takov\u00e9ho nem\u00e1te, nebo nechcete va\u0161e okol\u00ed zat\u011b\u017eovat t\u00edm, co v\u00e1s tr\u00e1p\u00ed, pak bychom v\u00e1m doporu\u010dovali kontaktovat \u010dlov\u011bka, kter\u00fd v\u00e1m s n\u011b\u010d\u00edm takov\u00fdm, jako jsou psychick\u00e9 probl\u00e9my, skute\u010dn\u011b pom\u016f\u017ee.Dan\u00fd \u010dlov\u011bk v\u00e1m s va\u0161imi probl\u00e9my bude schopen pomoci nap\u0159\u00edklad p\u0159es regresn\u00ed terapii, pokud si nebudete moct na n\u011bkter\u00e9 v\u011bci vzpomenout nebo budete m\u00edt probl\u00e9m o nich mluvit. Ur\u010dit\u011b z n\u011b\u010deho takov\u00e9ho, jako je regresn\u00ed terapie, nem\u011bjte strach, jeliko\u017e v\u00e1m to nijak neubl\u00ed\u017e\u00ed. N\u011bco takov\u00e9ho dokonce ani nebol\u00ed, tak\u017ee nen\u00ed pot\u0159eba se b\u00e1t.Pokud byste cht\u011bli n\u011bco takov\u00e9ho vyzkou\u0161et, ale m\u00e1te z takov\u00e9 terapie obavy, m\u016f\u017eete si o n\u00ed n\u011bco m\u00e1lo zjistit nap\u0159\u00edklad na internetu. Dan\u00fd \u010dlov\u011bk, kter\u00fd by v\u00e1m byl schopen pomoci, v\u00e1m ale jist\u011b o n\u011b\u010dem takov\u00e9m \u0159ekne mnohem v\u00edce, ne\u017e se dozv\u00edte na internetu. Skute\u010dn\u011b se nebojte kontaktovat n\u011bkoho, kdo je zde od toho, aby pomohl zejm\u00e9na s t\u00edm, abyste nem\u011bli probl\u00e9m ve sv\u00e9m \u017eivot\u011b zase fungovat. Ur\u010dit\u011b nen\u00ed nic \u0161patn\u00e9ho na tom, \u017ee vyhled\u00e1v\u00e1te pomoc. Najde se cel\u00e1 \u0159ada lid\u00ed, kte\u0159\u00ed n\u011b\u010deho takov\u00e9ho ji\u017e vyu\u017eili a jist\u011b se najdou i tac\u00ed, kte\u0159\u00ed se na n\u011bco takov\u00e9ho chystaj\u00ed.Ne v\u017edy je snadn\u00e9 o probl\u00e9mu hovo\u0159it. Pokud se boj\u00edte toho, \u017ee byste neudr\u017eeli p\u0159i vypr\u00e1v\u011bn\u00ed sv\u00e9 emoce, pak se boj\u00edte zbyte\u010dn\u011b. Emoc\u00edm by m\u011bl ka\u017ed\u00fd d\u00e1t pr\u016fchod a to dokonce i vy.Jestli\u017ee m\u00e1te probl\u00e9my, kter\u00e9 v\u00e1m br\u00e1n\u00ed fungovat, pak byste s t\u00edm m\u011bli co mo\u017en\u00e1 nejd\u0159\u00edve n\u011bco ud\u011blat. Pod\u00edvejte se na webov\u00e9 str\u00e1nky dan\u00e9ho mu\u017ee, kter\u00fd v\u00e1m skute\u010dn\u011b pom\u016f\u017ee k tomu, abyste op\u011bt za\u017e\u00edvali radostn\u00e9 chv\u00edle a usm\u00edvali se.                                                                                                                                                                                                                                                                                                                                                                                          4\/5 - (6 votes)        "},{"@context":"https:\/\/schema.org\/","@type":"BreadcrumbList","itemListElement":[{"@type":"ListItem","position":1,"name":"I vy zase m\u016f\u017eete fungovat jako d\u0159\u00edve","item":"https:\/\/www.aprax.cz\/i-vy-zase-muzete-fungovat-jako-drive\/#breadcrumbitem"}]}]