[{"@context":"https:\/\/schema.org\/","@type":"Article","@id":"https:\/\/www.aprax.cz\/montaz-podle-predstav\/#Article","mainEntityOfPage":"https:\/\/www.aprax.cz\/montaz-podle-predstav\/","headline":"Mont\u00e1\u017e podle p\u0159edstav","name":"Mont\u00e1\u017e podle p\u0159edstav","description":"Jak byste si mont\u00e1\u017e oken p\u0159edstavovali, p\u0159\u00e1tel\u00e9? Bez pr\u00e1ce, bez nepo\u0159\u00e1dku, bez zbyte\u010dn\u00fdch v\u00edceprac\u00ed a provizori\u00ed, odborn\u011b a na kl\u00ed\u010d? Jestli\u017ee, je tohle va\u0161e p\u0159\u00e1n\u00ed, pros\u00edm, m\u00e1te ho m\u00edt! Ka\u017ed\u00fd, kdo se rozhodne, a\u0165 pro v\u00fdm\u011bnu, nebo instaluje v r\u00e1mci stavby z gruntu nov\u00e9 v\u00fdpln\u011b, zajist\u00e9 ocen\u00ed slu\u017ebu profesion\u00e1ln\u00ed firmy, kter\u00e1 v\u00ed, jak si zaj\u00edt [&hellip;]","datePublished":"2023-12-07","dateModified":"2023-12-07","author":{"@type":"Person","@id":"https:\/\/www.aprax.cz\/author\/#Person","name":"","url":"https:\/\/www.aprax.cz\/author\/","identifier":1,"image":{"@type":"ImageObject","@id":"https:\/\/secure.gravatar.com\/avatar\/f5ad5dcd5c02ecc0fdaf1fe4b2e9a39ad5c5cc2b614885090f6f77b1ccabb3a9?s=96&d=mm&r=g","url":"https:\/\/secure.gravatar.com\/avatar\/f5ad5dcd5c02ecc0fdaf1fe4b2e9a39ad5c5cc2b614885090f6f77b1ccabb3a9?s=96&d=mm&r=g","height":96,"width":96}},"publisher":{"@type":"Organization","name":"aprax.cz","logo":{"@type":"ImageObject","@id":"\/logo.png","url":"\/logo.png","width":600,"height":60}},"url":"https:\/\/www.aprax.cz\/montaz-podle-predstav\/","wordCount":242,"articleBody":"Jak byste si mont\u00e1\u017e oken p\u0159edstavovali, p\u0159\u00e1tel\u00e9? Bez pr\u00e1ce, bez nepo\u0159\u00e1dku, bez zbyte\u010dn\u00fdch v\u00edceprac\u00ed a provizori\u00ed, odborn\u011b a na kl\u00ed\u010d? Jestli\u017ee, je tohle va\u0161e p\u0159\u00e1n\u00ed, pros\u00edm, m\u00e1te ho m\u00edt! Ka\u017ed\u00fd, kdo se rozhodne, a\u0165 pro v\u00fdm\u011bnu, nebo instaluje v r\u00e1mci stavby z gruntu nov\u00e9 v\u00fdpln\u011b, zajist\u00e9 ocen\u00ed slu\u017ebu profesion\u00e1ln\u00ed firmy, kter\u00e1 v\u00ed, jak si zaj\u00edt na pr\u00e1ci! U n\u00e1s se v\u00e1m nestane, \u017ee by n\u011bco ne\u0161lo! V\u00fdpln\u011b otvor\u016f si sami zam\u011b\u0159\u00edme a samotn\u00e1 instalace u\u017e je pouze vynikaj\u00edc\u00ed souhrou v\u0161ech pracovn\u00edch \u00fakon\u016f! B\u011bhem kr\u00e1tk\u00e9 doby, odstran\u00edme star\u00e9 a instalujeme nov\u00e9 v\u00fdpln\u011b v perfektn\u00ed kvalit\u011b i s celkov\u00fdm zednick\u00fdm zapraven\u00edm om\u00edtky! M\u00e1me dlouholet\u00e9 zku\u0161enosti na poli stavebn\u00edch prac\u00ed, dok\u00e1\u017eeme p\u0159edem odhadnout dobu samotn\u00e9ho procesu a sna\u017e\u00edme se bezezbytku dodr\u017eet term\u00edn, kter\u00fd je \u010dasto pro z\u00e1kazn\u00edka st\u011b\u017eejn\u00ed!Jen u n\u00e1sSe nemus\u00edte b\u00e1t pl\u00e1novan\u00e9 v\u00fdm\u011bny v\u00fdpln\u00ed! M\u00e1te jistotu, \u017ee v\u0161e, co jste od instalace o\u010dek\u00e1vali, dodr\u017e\u00edme do posledn\u00edho detailu! Je dobr\u00e9 v\u011bd\u011bt, \u017ee st\u00e1le je\u0161t\u011b existuj\u00ed odborn\u00edci, na kter\u00e9 se m\u016f\u017eete bez obav obr\u00e1tit s jistotou skv\u011bl\u00e9ho v\u00fdsledku!                                                                                                                                                                                                                                                                                                                                                                                        3.7\/5 - (6 votes)        "},{"@context":"https:\/\/schema.org\/","@type":"BreadcrumbList","itemListElement":[{"@type":"ListItem","position":1,"name":"Mont\u00e1\u017e podle p\u0159edstav","item":"https:\/\/www.aprax.cz\/montaz-podle-predstav\/#breadcrumbitem"}]}]