[{"@context":"https:\/\/schema.org\/","@type":"Article","@id":"https:\/\/www.aprax.cz\/najdeme-toner-primo-pro-vas\/#Article","mainEntityOfPage":"https:\/\/www.aprax.cz\/najdeme-toner-primo-pro-vas\/","headline":"Najdeme toner p\u0159\u00edmo pro V\u00e1s","name":"Najdeme toner p\u0159\u00edmo pro V\u00e1s","description":"Pokud pot\u0159ebujete do va\u0161\u00ed tisk\u00e1rny toner, pak jsme t\u00edm spr\u00e1vn\u00fdm dodavatelem, u kter\u00e9ho si m\u016f\u017eete objednat typ, kter\u00fd pro va\u0161i tisk\u00e1rnu pot\u0159ebujete. M\u00e1me \u0161irok\u00fd v\u00fdb\u011br a velkou skladovou z\u00e1sobu. Jakmile nav\u0161t\u00edv\u00edte na\u0161e webov\u00e9 str\u00e1nky, m\u016f\u017eete vyhledat toner podle typu tisk\u00e1rny, jej\u00edho ozna\u010den\u00ed, nebo podle v\u00fdrobce. Jako n\u00e1pov\u011bda slou\u017e\u00ed tak\u00e9 lev\u00e9 menu, kde jsou v\u0161echny zna\u010dky [&hellip;]","datePublished":"2025-04-25","dateModified":"2025-04-25","author":{"@type":"Person","@id":"https:\/\/www.aprax.cz\/author\/#Person","name":"","url":"https:\/\/www.aprax.cz\/author\/","identifier":1,"image":{"@type":"ImageObject","@id":"https:\/\/secure.gravatar.com\/avatar\/f5ad5dcd5c02ecc0fdaf1fe4b2e9a39ad5c5cc2b614885090f6f77b1ccabb3a9?s=96&d=mm&r=g","url":"https:\/\/secure.gravatar.com\/avatar\/f5ad5dcd5c02ecc0fdaf1fe4b2e9a39ad5c5cc2b614885090f6f77b1ccabb3a9?s=96&d=mm&r=g","height":96,"width":96}},"publisher":{"@type":"Organization","name":"aprax.cz","logo":{"@type":"ImageObject","@id":"\/logo.png","url":"\/logo.png","width":600,"height":60}},"url":"https:\/\/www.aprax.cz\/najdeme-toner-primo-pro-vas\/","wordCount":178,"articleBody":"Pokud pot\u0159ebujete do va\u0161\u00ed tisk\u00e1rny toner, pak jsme t\u00edm spr\u00e1vn\u00fdm dodavatelem, u kter\u00e9ho si m\u016f\u017eete objednat typ, kter\u00fd pro va\u0161i tisk\u00e1rnu pot\u0159ebujete. M\u00e1me \u0161irok\u00fd v\u00fdb\u011br a velkou skladovou z\u00e1sobu.Jakmile nav\u0161t\u00edv\u00edte na\u0161e webov\u00e9 str\u00e1nky, m\u016f\u017eete vyhledat toner podle typu tisk\u00e1rny, jej\u00edho ozna\u010den\u00ed, nebo podle v\u00fdrobce. Jako n\u00e1pov\u011bda slou\u017e\u00ed tak\u00e9 lev\u00e9 menu, kde jsou v\u0161echny zna\u010dky vypsan\u00e9, z\u00e1le\u017e\u00ed tedy na v\u00e1s, jak selekci toho, co hled\u00e1te, ud\u011bl\u00e1te.Dal\u0161\u00ed p\u0159\u00edslu\u0161enstv\u00edNa na\u0161ich webov\u00fdch str\u00e1nk\u00e1ch nenajdete jen toner v r\u016fzn\u00fdch druz\u00edch, cen\u00e1ch, proveden\u00edch apod., ale koupit si u n\u00e1s m\u016f\u017eete tak\u00e9 dal\u0161\u00ed p\u0159\u00edslu\u0161enstv\u00ed pro tisk a tisk\u00e1rny, jako je pap\u00edr, p\u00e1sky a f\u00f3lie, CD, kancel\u00e1\u0159sk\u00e9 pot\u0159eby a mnoho jin\u00e9ho. Nav\u0161tivte n\u00e1s a zjist\u011bte si sami, co v\u0161e v\u00e1m nab\u00edz\u00edme.                                                                                                                                                                                                                                                                                                                                                                                                "},{"@context":"https:\/\/schema.org\/","@type":"BreadcrumbList","itemListElement":[{"@type":"ListItem","position":1,"name":"Najdeme toner p\u0159\u00edmo pro V\u00e1s","item":"https:\/\/www.aprax.cz\/najdeme-toner-primo-pro-vas\/#breadcrumbitem"}]}]