[{"@context":"https:\/\/schema.org\/","@type":"Article","@id":"https:\/\/www.aprax.cz\/najmete-si-vuz\/#Article","mainEntityOfPage":"https:\/\/www.aprax.cz\/najmete-si-vuz\/","headline":"Najm\u011bte si v\u016fz","name":"Najm\u011bte si v\u016fz","description":"Pot\u0159ebujete zajistit vozidlo a nen\u00ed nikdo, kdo by v\u00e1m ho poskytl? Pak v\u00e1m v tomto sm\u011bru pom\u016f\u017eeautop\u016fj\u010dovna. Pokud ale nechcete investovat zbyte\u010dn\u011b vysok\u00e9 pen\u00edze, informujte se o syst\u00e9mu naj\u00edm\u00e1n\u00ed voz\u016f b\u011b\u017en\u00fdch spot\u0159ebitel\u016f, stejn\u011b jako jste vy, kter\u00e9 v\u00e1m je za ur\u010dit\u00fd poplatek pronajmou na dobu, kterou budete pot\u0159ebovat. Firma, kter\u00e1 tuto slu\u017ebu nab\u00edz\u00ed, funguje jako [&hellip;]","datePublished":"2024-11-19","dateModified":"2024-11-19","author":{"@type":"Person","@id":"https:\/\/www.aprax.cz\/author\/#Person","name":"","url":"https:\/\/www.aprax.cz\/author\/","identifier":1,"image":{"@type":"ImageObject","@id":"https:\/\/secure.gravatar.com\/avatar\/f5ad5dcd5c02ecc0fdaf1fe4b2e9a39ad5c5cc2b614885090f6f77b1ccabb3a9?s=96&d=mm&r=g","url":"https:\/\/secure.gravatar.com\/avatar\/f5ad5dcd5c02ecc0fdaf1fe4b2e9a39ad5c5cc2b614885090f6f77b1ccabb3a9?s=96&d=mm&r=g","height":96,"width":96}},"publisher":{"@type":"Organization","name":"aprax.cz","logo":{"@type":"ImageObject","@id":"\/logo.png","url":"\/logo.png","width":600,"height":60}},"url":"https:\/\/www.aprax.cz\/najmete-si-vuz\/","wordCount":203,"articleBody":"Pot\u0159ebujete zajistit vozidlo a nen\u00ed nikdo, kdo by v\u00e1m ho poskytl? Pak v\u00e1m v tomto sm\u011bru pom\u016f\u017eeautop\u016fj\u010dovna. Pokud ale nechcete investovat zbyte\u010dn\u011b vysok\u00e9 pen\u00edze, informujte se o syst\u00e9mu naj\u00edm\u00e1n\u00ed voz\u016f b\u011b\u017en\u00fdch spot\u0159ebitel\u016f, stejn\u011b jako jste vy, kter\u00e9 v\u00e1m je za ur\u010dit\u00fd poplatek pronajmou na dobu, kterou budete pot\u0159ebovat. Firma, kter\u00e1 tuto slu\u017ebu nab\u00edz\u00ed, funguje jako z\u00e1\u0161tita pr\u00e1vnick\u00fdch krok\u016f a zprost\u0159edkovatel. Uvid\u00edte ale, \u017ee m\u016f\u017eete u\u0161et\u0159it a budete nav\u00edc spokojeni.\tNa cesty s ciz\u00edm vozemA\u010d se to m\u016f\u017ee zd\u00e1t neuv\u011b\u0159iteln\u00e9, skute\u010dn\u011b lze tuto slu\u017ebu vyu\u017e\u00edvat a dokonce vy sami se m\u016f\u017eete zapojit a vlastn\u00ed vozidlo poskytnout za stejn\u00fdm \u00fa\u010delem. Postup je v podstat\u011b snadn\u00fd. Oslovte spole\u010dnost, kter\u00e1 se t\u00edmto zab\u00fdv\u00e1, vy\u0159e\u0161te formality, a co nevid\u011bt bude va\u0161e vozidlo na webov\u00fdch str\u00e1nk\u00e1ch, kde jej m\u016f\u017ee t\u0159et\u00ed strana za uvedenou cenu najmout za \u00fa\u010delem provozu ve sv\u016fj prosp\u011bch. Je to leg\u00e1ln\u00ed a vy m\u016f\u017eete za\u010d\u00edt vyd\u011bl\u00e1vat.                                                                                                                                                                                                                                                                                                                                                                                        5\/5 - (1 vote)        "},{"@context":"https:\/\/schema.org\/","@type":"BreadcrumbList","itemListElement":[{"@type":"ListItem","position":1,"name":"Najm\u011bte si v\u016fz","item":"https:\/\/www.aprax.cz\/najmete-si-vuz\/#breadcrumbitem"}]}]