{"@context":"https:\/\/schema.org\/","@type":"CollectionPage","@id":"https:\/\/www.aprax.cz\/nakupy\/#CollectionPage","headline":"N\u00e1kupy Category","description":"","url":"https:\/\/www.aprax.cz\/nakupy\/","hasPart":[{"@type":"Article","@id":"https:\/\/www.aprax.cz\/detska-trampolina-jako-vanocni-darek\/","headline":"D\u011btsk\u00e1 trampol\u00edna jako v\u00e1no\u010dn\u00ed d\u00e1rek","url":"https:\/\/www.aprax.cz\/detska-trampolina-jako-vanocni-darek\/","datePublished":"2022-04-26","dateModified":"2023-05-03","mainEntityOfPage":"https:\/\/www.aprax.cz\/detska-trampolina-jako-vanocni-darek\/","author":{"@type":"Person","@id":"https:\/\/www.aprax.cz\/author\/#Person","name":"","url":"https:\/\/www.aprax.cz\/author\/","identifier":1,"image":{"@type":"ImageObject","@id":"https:\/\/secure.gravatar.com\/avatar\/f5ad5dcd5c02ecc0fdaf1fe4b2e9a39ad5c5cc2b614885090f6f77b1ccabb3a9?s=96&d=mm&r=g","url":"https:\/\/secure.gravatar.com\/avatar\/f5ad5dcd5c02ecc0fdaf1fe4b2e9a39ad5c5cc2b614885090f6f77b1ccabb3a9?s=96&d=mm&r=g","height":96,"width":96}},"publisher":{"@type":"Organization","name":"aprax.cz","logo":{"@type":"ImageObject","@id":"\/logo.png","url":"\/logo.png","width":600,"height":60}},"image":{"@type":"ImageObject","@id":"https:\/\/www.aprax.cz\/wp-content\/uploads\/trampoline-182214_640_3.jpg","url":"https:\/\/www.aprax.cz\/wp-content\/uploads\/trampoline-182214_640_3.jpg","height":0,"width":0},"keywords":null},{"@type":"Article","@id":"https:\/\/www.aprax.cz\/unikatni-nabytek\/","headline":"Unik\u00e1tn\u00ed n\u00e1bytek","url":"https:\/\/www.aprax.cz\/unikatni-nabytek\/","datePublished":"2021-11-04","dateModified":"2023-05-03","mainEntityOfPage":"https:\/\/www.aprax.cz\/unikatni-nabytek\/","author":{"@type":"Person","@id":"https:\/\/www.aprax.cz\/author\/#Person","name":"","url":"https:\/\/www.aprax.cz\/author\/","identifier":1,"image":{"@type":"ImageObject","@id":"https:\/\/secure.gravatar.com\/avatar\/f5ad5dcd5c02ecc0fdaf1fe4b2e9a39ad5c5cc2b614885090f6f77b1ccabb3a9?s=96&d=mm&r=g","url":"https:\/\/secure.gravatar.com\/avatar\/f5ad5dcd5c02ecc0fdaf1fe4b2e9a39ad5c5cc2b614885090f6f77b1ccabb3a9?s=96&d=mm&r=g","height":96,"width":96}},"publisher":{"@type":"Organization","name":"aprax.cz","logo":{"@type":"ImageObject","@id":"\/logo.png","url":"\/logo.png","width":600,"height":60}},"image":{"@type":"ImageObject","@id":"https:\/\/www.aprax.cz\/wp-content\/uploads\/postel%20staro%C5%BEitn%C3%A1.jpg","url":"https:\/\/www.aprax.cz\/wp-content\/uploads\/postel%20staro%C5%BEitn%C3%A1.jpg","height":0,"width":0},"keywords":null},{"@type":"Article","@id":"https:\/\/www.aprax.cz\/nekdo-to-rad-palive\/","headline":"N\u011bkdo to r\u00e1d p\u00e1liv\u00e9","url":"https:\/\/www.aprax.cz\/nekdo-to-rad-palive\/","datePublished":"2021-09-19","dateModified":"2023-05-03","mainEntityOfPage":"https:\/\/www.aprax.cz\/nekdo-to-rad-palive\/","author":{"@type":"Person","@id":"https:\/\/www.aprax.cz\/author\/#Person","name":"","url":"https:\/\/www.aprax.cz\/author\/","identifier":1,"image":{"@type":"ImageObject","@id":"https:\/\/secure.gravatar.com\/avatar\/f5ad5dcd5c02ecc0fdaf1fe4b2e9a39ad5c5cc2b614885090f6f77b1ccabb3a9?s=96&d=mm&r=g","url":"https:\/\/secure.gravatar.com\/avatar\/f5ad5dcd5c02ecc0fdaf1fe4b2e9a39ad5c5cc2b614885090f6f77b1ccabb3a9?s=96&d=mm&r=g","height":96,"width":96}},"publisher":{"@type":"Organization","name":"aprax.cz","logo":{"@type":"ImageObject","@id":"\/logo.png","url":"\/logo.png","width":600,"height":60}},"image":{"@type":"ImageObject","@id":"https:\/\/www.aprax.cz\/wp-content\/uploads\/chilli.jpg","url":"https:\/\/www.aprax.cz\/wp-content\/uploads\/chilli.jpg","height":0,"width":0},"keywords":null},{"@type":"Article","@id":"https:\/\/www.aprax.cz\/poznejte-krasu-nasich-hor-na-vlastni-kuzi\/","headline":"Poznejte kr\u00e1su na\u0161ich hor na vlastn\u00ed k\u016f\u017ei","url":"https:\/\/www.aprax.cz\/poznejte-krasu-nasich-hor-na-vlastni-kuzi\/","datePublished":"2021-08-26","dateModified":"2023-05-03","mainEntityOfPage":"https:\/\/www.aprax.cz\/poznejte-krasu-nasich-hor-na-vlastni-kuzi\/","author":{"@type":"Person","@id":"https:\/\/www.aprax.cz\/author\/#Person","name":"","url":"https:\/\/www.aprax.cz\/author\/","identifier":1,"image":{"@type":"ImageObject","@id":"https:\/\/secure.gravatar.com\/avatar\/f5ad5dcd5c02ecc0fdaf1fe4b2e9a39ad5c5cc2b614885090f6f77b1ccabb3a9?s=96&d=mm&r=g","url":"https:\/\/secure.gravatar.com\/avatar\/f5ad5dcd5c02ecc0fdaf1fe4b2e9a39ad5c5cc2b614885090f6f77b1ccabb3a9?s=96&d=mm&r=g","height":96,"width":96}},"publisher":{"@type":"Organization","name":"aprax.cz","logo":{"@type":"ImageObject","@id":"\/logo.png","url":"\/logo.png","width":600,"height":60}},"image":{"@type":"ImageObject","@id":"https:\/\/www.aprax.cz\/wp-content\/uploads\/%C3%9Adol%C3%AD%20hor_K8kqFQ.jpg","url":"https:\/\/www.aprax.cz\/wp-content\/uploads\/%C3%9Adol%C3%AD%20hor_K8kqFQ.jpg","height":0,"width":0},"keywords":null},{"@type":"Article","@id":"https:\/\/www.aprax.cz\/proc-se-tak-casto-dava-kamenny-obklad-na-fasadu\/","headline":"Pro\u010d se tak \u010dasto d\u00e1v\u00e1 kamenn\u00fd obklad na fas\u00e1du?","url":"https:\/\/www.aprax.cz\/proc-se-tak-casto-dava-kamenny-obklad-na-fasadu\/","datePublished":"2021-07-30","dateModified":"2023-09-19","mainEntityOfPage":"https:\/\/www.aprax.cz\/proc-se-tak-casto-dava-kamenny-obklad-na-fasadu\/","author":{"@type":"Person","@id":"https:\/\/www.aprax.cz\/author\/#Person","name":"","url":"https:\/\/www.aprax.cz\/author\/","identifier":1,"image":{"@type":"ImageObject","@id":"https:\/\/secure.gravatar.com\/avatar\/f5ad5dcd5c02ecc0fdaf1fe4b2e9a39ad5c5cc2b614885090f6f77b1ccabb3a9?s=96&d=mm&r=g","url":"https:\/\/secure.gravatar.com\/avatar\/f5ad5dcd5c02ecc0fdaf1fe4b2e9a39ad5c5cc2b614885090f6f77b1ccabb3a9?s=96&d=mm&r=g","height":96,"width":96}},"publisher":{"@type":"Organization","name":"aprax.cz","logo":{"@type":"ImageObject","@id":"\/logo.png","url":"\/logo.png","width":600,"height":60}},"image":{"@type":"ImageObject","@id":"https:\/\/www.aprax.cz\/wp-content\/uploads\/obkladkamen4_9.jpg","url":"https:\/\/www.aprax.cz\/wp-content\/uploads\/obkladkamen4_9.jpg","height":0,"width":0},"keywords":null},{"@type":"Article","@id":"https:\/\/www.aprax.cz\/na-madarske-paprice-si-muzete-pochutnat-i-v-podobe-koreni\/","headline":"Na ma\u010farsk\u00e9 paprice si m\u016f\u017eete pochutnat i v podob\u011b ko\u0159en\u00ed","url":"https:\/\/www.aprax.cz\/na-madarske-paprice-si-muzete-pochutnat-i-v-podobe-koreni\/","datePublished":"2021-07-24","dateModified":"2023-09-21","mainEntityOfPage":"https:\/\/www.aprax.cz\/na-madarske-paprice-si-muzete-pochutnat-i-v-podobe-koreni\/","author":{"@type":"Person","@id":"https:\/\/www.aprax.cz\/author\/#Person","name":"","url":"https:\/\/www.aprax.cz\/author\/","identifier":1,"image":{"@type":"ImageObject","@id":"https:\/\/secure.gravatar.com\/avatar\/f5ad5dcd5c02ecc0fdaf1fe4b2e9a39ad5c5cc2b614885090f6f77b1ccabb3a9?s=96&d=mm&r=g","url":"https:\/\/secure.gravatar.com\/avatar\/f5ad5dcd5c02ecc0fdaf1fe4b2e9a39ad5c5cc2b614885090f6f77b1ccabb3a9?s=96&d=mm&r=g","height":96,"width":96}},"publisher":{"@type":"Organization","name":"aprax.cz","logo":{"@type":"ImageObject","@id":"\/logo.png","url":"\/logo.png","width":600,"height":60}},"image":{"@type":"ImageObject","@id":"https:\/\/www.aprax.cz\/wp-content\/uploads\/na%20b%C5%99ehu%20Balatonu.jpg","url":"https:\/\/www.aprax.cz\/wp-content\/uploads\/na%20b%C5%99ehu%20Balatonu.jpg","height":0,"width":0},"keywords":null},{"@type":"Article","@id":"https:\/\/www.aprax.cz\/slunecni-bryle-jsou-zde-pro-vsechny\/","headline":"Slune\u010dn\u00ed br\u00fdle jsou zde pro v\u0161echny","url":"https:\/\/www.aprax.cz\/slunecni-bryle-jsou-zde-pro-vsechny\/","datePublished":"2021-07-23","dateModified":"2023-05-03","mainEntityOfPage":"https:\/\/www.aprax.cz\/slunecni-bryle-jsou-zde-pro-vsechny\/","author":{"@type":"Person","@id":"https:\/\/www.aprax.cz\/author\/#Person","name":"","url":"https:\/\/www.aprax.cz\/author\/","identifier":1,"image":{"@type":"ImageObject","@id":"https:\/\/secure.gravatar.com\/avatar\/f5ad5dcd5c02ecc0fdaf1fe4b2e9a39ad5c5cc2b614885090f6f77b1ccabb3a9?s=96&d=mm&r=g","url":"https:\/\/secure.gravatar.com\/avatar\/f5ad5dcd5c02ecc0fdaf1fe4b2e9a39ad5c5cc2b614885090f6f77b1ccabb3a9?s=96&d=mm&r=g","height":96,"width":96}},"publisher":{"@type":"Organization","name":"aprax.cz","logo":{"@type":"ImageObject","@id":"\/logo.png","url":"\/logo.png","width":600,"height":60}},"image":{"@type":"ImageObject","@id":"https:\/\/www.aprax.cz\/wp-content\/uploads\/br%C3%BDle%20na%20pl%C3%A1%C5%BEi.PNG","url":"https:\/\/www.aprax.cz\/wp-content\/uploads\/br%C3%BDle%20na%20pl%C3%A1%C5%BEi.PNG","height":0,"width":0},"keywords":null},{"@type":"Article","@id":"https:\/\/www.aprax.cz\/aerarium-zavesene-v-obytne-mistnosti\/","headline":"Aer\u00e1rium zav\u011b\u0161en\u00e9 v obytn\u00e9 m\u00edstnosti","url":"https:\/\/www.aprax.cz\/aerarium-zavesene-v-obytne-mistnosti\/","datePublished":"2021-07-23","dateModified":"2023-05-03","mainEntityOfPage":"https:\/\/www.aprax.cz\/aerarium-zavesene-v-obytne-mistnosti\/","author":{"@type":"Person","@id":"https:\/\/www.aprax.cz\/author\/#Person","name":"","url":"https:\/\/www.aprax.cz\/author\/","identifier":1,"image":{"@type":"ImageObject","@id":"https:\/\/secure.gravatar.com\/avatar\/f5ad5dcd5c02ecc0fdaf1fe4b2e9a39ad5c5cc2b614885090f6f77b1ccabb3a9?s=96&d=mm&r=g","url":"https:\/\/secure.gravatar.com\/avatar\/f5ad5dcd5c02ecc0fdaf1fe4b2e9a39ad5c5cc2b614885090f6f77b1ccabb3a9?s=96&d=mm&r=g","height":96,"width":96}},"publisher":{"@type":"Organization","name":"aprax.cz","logo":{"@type":"ImageObject","@id":"\/logo.png","url":"\/logo.png","width":600,"height":60}},"image":{"@type":"ImageObject","@id":"https:\/\/www.aprax.cz\/wp-content\/uploads\/orchidej%20ve%20skle.jpg","url":"https:\/\/www.aprax.cz\/wp-content\/uploads\/orchidej%20ve%20skle.jpg","height":0,"width":0},"keywords":null},{"@type":"Article","@id":"https:\/\/www.aprax.cz\/skoda-superb-iii\/","headline":"\u0160koda Superb III","url":"https:\/\/www.aprax.cz\/skoda-superb-iii\/","datePublished":"2021-07-20","dateModified":"2023-05-03","mainEntityOfPage":"https:\/\/www.aprax.cz\/skoda-superb-iii\/","author":{"@type":"Person","@id":"https:\/\/www.aprax.cz\/author\/#Person","name":"","url":"https:\/\/www.aprax.cz\/author\/","identifier":1,"image":{"@type":"ImageObject","@id":"https:\/\/secure.gravatar.com\/avatar\/f5ad5dcd5c02ecc0fdaf1fe4b2e9a39ad5c5cc2b614885090f6f77b1ccabb3a9?s=96&d=mm&r=g","url":"https:\/\/secure.gravatar.com\/avatar\/f5ad5dcd5c02ecc0fdaf1fe4b2e9a39ad5c5cc2b614885090f6f77b1ccabb3a9?s=96&d=mm&r=g","height":96,"width":96}},"publisher":{"@type":"Organization","name":"aprax.cz","logo":{"@type":"ImageObject","@id":"\/logo.png","url":"\/logo.png","width":600,"height":60}},"image":{"@type":"ImageObject","@id":"https:\/\/www.aprax.cz\/wp-content\/uploads\/%C5%A0koda%20Superb_1.jpg","url":"https:\/\/www.aprax.cz\/wp-content\/uploads\/%C5%A0koda%20Superb_1.jpg","height":0,"width":0},"keywords":null},{"@type":"Article","@id":"https:\/\/www.aprax.cz\/jake-je-bydlet-v-drevostavbe-na-vysocine\/","headline":"Jak\u00e9 je bydlet v d\u0159evostavb\u011b na Vyso\u010din\u011b","url":"https:\/\/www.aprax.cz\/jake-je-bydlet-v-drevostavbe-na-vysocine\/","datePublished":"2021-07-19","dateModified":"2023-05-03","mainEntityOfPage":"https:\/\/www.aprax.cz\/jake-je-bydlet-v-drevostavbe-na-vysocine\/","author":{"@type":"Person","@id":"https:\/\/www.aprax.cz\/author\/#Person","name":"","url":"https:\/\/www.aprax.cz\/author\/","identifier":1,"image":{"@type":"ImageObject","@id":"https:\/\/secure.gravatar.com\/avatar\/f5ad5dcd5c02ecc0fdaf1fe4b2e9a39ad5c5cc2b614885090f6f77b1ccabb3a9?s=96&d=mm&r=g","url":"https:\/\/secure.gravatar.com\/avatar\/f5ad5dcd5c02ecc0fdaf1fe4b2e9a39ad5c5cc2b614885090f6f77b1ccabb3a9?s=96&d=mm&r=g","height":96,"width":96}},"publisher":{"@type":"Organization","name":"aprax.cz","logo":{"@type":"ImageObject","@id":"\/logo.png","url":"\/logo.png","width":600,"height":60}},"image":{"@type":"ImageObject","@id":"https:\/\/www.aprax.cz\/wp-content\/uploads\/posezen%C3%AD%20u%20krbu.jpg","url":"https:\/\/www.aprax.cz\/wp-content\/uploads\/posezen%C3%AD%20u%20krbu.jpg","height":0,"width":0},"keywords":null}]}