[{"@context":"https:\/\/schema.org\/","@type":"Article","@id":"https:\/\/www.aprax.cz\/nase-nabidka-nejen-pro-novostavby\/#Article","mainEntityOfPage":"https:\/\/www.aprax.cz\/nase-nabidka-nejen-pro-novostavby\/","headline":"Na\u0161e nab\u00eddka nejen pro novostavby","name":"Na\u0161e nab\u00eddka nejen pro novostavby","description":"N\u00e1\u0161 internetov\u00fd obchod interi\u00e9rov\u00fdmi dve\u0159mi m\u00e1 co nab\u00eddnout, nejen t\u011bm, kte\u0159\u00ed pr\u00e1v\u011b dokon\u010duj\u00ed stavbu sv\u00e9ho nov\u00e9ho domu, ale i t\u011bm, kte\u0159\u00ed maj\u00ed star\u0161\u00ed d\u016fm, \u010di byt a rozhodli se, \u017ee by bylo dobr\u00e9 vym\u011bnit star\u00e9 za nov\u00e9. U n\u00e1s m\u016f\u017eete vyb\u00edrat ze \u0161irok\u00e9 nab\u00eddky dekor\u016f, povrchov\u00fdch \u00faprav, d\u00e1le si m\u016f\u017eete zvolit m\u00edru prosklen\u00ed, dve\u0159n\u00ed kov\u00e1n\u00ed, [&hellip;]","datePublished":"2024-11-15","dateModified":"2024-11-15","author":{"@type":"Person","@id":"https:\/\/www.aprax.cz\/author\/#Person","name":"","url":"https:\/\/www.aprax.cz\/author\/","identifier":1,"image":{"@type":"ImageObject","@id":"https:\/\/secure.gravatar.com\/avatar\/f5ad5dcd5c02ecc0fdaf1fe4b2e9a39ad5c5cc2b614885090f6f77b1ccabb3a9?s=96&d=mm&r=g","url":"https:\/\/secure.gravatar.com\/avatar\/f5ad5dcd5c02ecc0fdaf1fe4b2e9a39ad5c5cc2b614885090f6f77b1ccabb3a9?s=96&d=mm&r=g","height":96,"width":96}},"publisher":{"@type":"Organization","name":"aprax.cz","logo":{"@type":"ImageObject","@id":"\/logo.png","url":"\/logo.png","width":600,"height":60}},"url":"https:\/\/www.aprax.cz\/nase-nabidka-nejen-pro-novostavby\/","wordCount":232,"articleBody":"N\u00e1\u0161 internetov\u00fd obchod interi\u00e9rov\u00fdmi dve\u0159mi m\u00e1 co nab\u00eddnout, nejen t\u011bm, kte\u0159\u00ed pr\u00e1v\u011b dokon\u010duj\u00ed stavbu sv\u00e9ho nov\u00e9ho domu, ale i t\u011bm, kte\u0159\u00ed maj\u00ed star\u0161\u00ed d\u016fm, \u010di byt a rozhodli se, \u017ee by bylo dobr\u00e9 vym\u011bnit star\u00e9 za nov\u00e9. U n\u00e1s m\u016f\u017eete vyb\u00edrat ze \u0161irok\u00e9 nab\u00eddky dekor\u016f, povrchov\u00fdch \u00faprav, d\u00e1le si m\u016f\u017eete zvolit m\u00edru prosklen\u00ed, dve\u0159n\u00ed kov\u00e1n\u00ed, ale i vhodn\u00e9 z\u00e1rubn\u011b. Zkr\u00e1tka nab\u00edz\u00edme kompletn\u00ed nab\u00eddku tohoto zbo\u017e\u00ed a v\u0161eho, co s t\u00edm souvis\u00ed.A to je\u0161t\u011b nen\u00ed v\u0161eV\u00fdhodou n\u00e1kupu u n\u00e1s je i to, \u017ee si m\u016f\u017eete prohl\u00e9dnout uk\u00e1zky realizac\u00ed a nechat se tak inspirovat. Krom\u011b interi\u00e9rov\u00fdch dve\u0159\u00ed si m\u016f\u017eete vybrat i vchodov\u00e9 a nebo speci\u00e1ln\u00ed, podle va\u0161ich po\u017eadavk\u016f. Vybran\u00e9 zbo\u017e\u00ed si m\u016f\u017eete vyzvednout osobn\u011b v n\u011bkter\u00e9 na\u0161\u00ed prodejn\u011b, p\u0159\u00edpadn\u011b v\u00e1m je za\u0161leme po\u0161tou a nebo dovezeme na m\u00edsto ur\u010den\u00ed v \u010cR vlastn\u00edmi auty. A pokud v\u00e1m n\u011bco nen\u00ed jasn\u00e9, nebo pot\u0159ebujete poradit, vyu\u017eijte mo\u017enosti polo\u017eit dotaz prost\u0159ednictv\u00edm formul\u00e1\u0159e pro va\u0161e dotazy nebo n\u00e1s kontaktujte telefonicky, \u010di e-mailem. Dostane se v\u00e1m v\u017edy odborn\u00e9 a kvalifikovan\u00e9 rady.                                                                                                                                                                                                                                                                                                                                                                                        5\/5 - (3 votes)        "},{"@context":"https:\/\/schema.org\/","@type":"BreadcrumbList","itemListElement":[{"@type":"ListItem","position":1,"name":"Na\u0161e nab\u00eddka nejen pro novostavby","item":"https:\/\/www.aprax.cz\/nase-nabidka-nejen-pro-novostavby\/#breadcrumbitem"}]}]