[{"@context":"https:\/\/schema.org\/","@type":"Article","@id":"https:\/\/www.aprax.cz\/nazory-spolecnosti-na-dusevni-nemoci\/#Article","mainEntityOfPage":"https:\/\/www.aprax.cz\/nazory-spolecnosti-na-dusevni-nemoci\/","headline":"N\u00e1zory spole\u010dnosti na du\u0161evn\u00ed nemoci","name":"N\u00e1zory spole\u010dnosti na du\u0161evn\u00ed nemoci","description":"Du\u0161evn\u00ed poruchou se ozna\u010duj\u00ed takov\u00e9 procesy, kter\u00e9 se projevuj\u00ed my\u0161len\u00edm a chov\u00e1n\u00edm dan\u00e9ho \u010dlov\u011bka a zt\u011b\u017euj\u00ed mu t\u00edm hlavn\u00ed roli fungov\u00e1n\u00ed ve spole\u010dnosti. Sv\u011btov\u00e1 zdravotnick\u00e1 organizace (WHO) ozna\u010duje psychick\u00e9 poruchy term\u00ednem, kter\u00fd m\u00e1 ozna\u010dovat jakoukoliv poruchu z psychick\u00e9ho hlediska, a\u0165 jde ji\u017e o z\u00edskanou \u010di vrozenou.\u00a0 Zde jsou t\u0159i nej\u010dast\u011bj\u0161\u00ed d\u016fvody, pro\u010d by se m\u011blo [&hellip;]","datePublished":"2021-09-22","dateModified":"2023-05-03","author":{"@type":"Person","@id":"https:\/\/www.aprax.cz\/author\/#Person","name":"","url":"https:\/\/www.aprax.cz\/author\/","identifier":1,"image":{"@type":"ImageObject","@id":"https:\/\/secure.gravatar.com\/avatar\/f5ad5dcd5c02ecc0fdaf1fe4b2e9a39ad5c5cc2b614885090f6f77b1ccabb3a9?s=96&d=mm&r=g","url":"https:\/\/secure.gravatar.com\/avatar\/f5ad5dcd5c02ecc0fdaf1fe4b2e9a39ad5c5cc2b614885090f6f77b1ccabb3a9?s=96&d=mm&r=g","height":96,"width":96}},"publisher":{"@type":"Organization","name":"aprax.cz","logo":{"@type":"ImageObject","@id":"\/logo.png","url":"\/logo.png","width":600,"height":60}},"image":{"@type":"ImageObject","@id":"https:\/\/www.aprax.cz\/wp-content\/uploads\/maxresdefault.jpg","url":"https:\/\/www.aprax.cz\/wp-content\/uploads\/maxresdefault.jpg","height":0,"width":0},"url":"https:\/\/www.aprax.cz\/nazory-spolecnosti-na-dusevni-nemoci\/","about":["Spole\u010dnost"],"wordCount":384,"articleBody":"Du\u0161evn\u00ed poruchou se ozna\u010duj\u00ed takov\u00e9 procesy, kter\u00e9 se projevuj\u00ed my\u0161len\u00edm a chov\u00e1n\u00edm dan\u00e9ho \u010dlov\u011bka a zt\u011b\u017euj\u00ed mu t\u00edm hlavn\u00ed roli fungov\u00e1n\u00ed ve spole\u010dnosti. Sv\u011btov\u00e1 zdravotnick\u00e1 organizace (WHO) ozna\u010duje psychick\u00e9 poruchy term\u00ednem, kter\u00fd m\u00e1 ozna\u010dovat jakoukoliv poruchu z psychick\u00e9ho hlediska, a\u0165 jde ji\u017e o z\u00edskanou \u010di vrozenou.\u00a0Zde jsou t\u0159i nej\u010dast\u011bj\u0161\u00ed d\u016fvody, pro\u010d by se m\u011blo o tomto t\u00e9matu v\u00edce ps\u00e1t a mluvit&#8230;NEDOSTATEK INFORMAC\u00cd\u00a0Ve\u0159ejnost o t\u00e9to problematice nen\u00ed dostate\u010dn\u011b informov\u00e1na, nebo nemaj\u00ed o problematiku z\u00e1jem. Pov\u011bdom\u00ed ve\u0159ejnosti o du\u0161evn\u00edch chorob\u00e1ch je velmi omezen\u00e9. Lid\u00e9 si pod pojmem &#8218;du\u0161evn\u00ed\/psychick\u00e1 porucha&#8216; nedok\u00e1\u017e\u00ed vybavit t\u00e9m\u011b\u0159 nic. \u0160kolsk\u00e1 za\u0159\u00edzen\u00ed ani m\u00e9dia, kter\u00e1 maj\u00ed na spole\u010dnost nejv\u011bt\u0161\u00ed vliv, nekladou na toto t\u00e9ma p\u0159\u00edli\u0161 velk\u00fd d\u016fraz.NETOLERANCESpole\u010dnost je st\u00e1le m\u00e9n\u011b tolerantn\u00ed k osob\u00e1m s t\u00edmto onemocn\u011bn\u00edm a nen\u00ed schopna je pln\u011b akceptovat. Spousta lid\u00ed se nerada dopou\u0161t\u00ed n\u00e1v\u0161t\u011bv psycholog\u016f a psychiatr\u016f a p\u0159ijde jim to bu\u010f jako ztr\u00e1ta \u00a0\u010dasu, nebo c\u00edt\u00ed stud. Maj\u00ed obavy nejen z du\u0161evn\u00edch nemoc\u00ed, ale tak\u00e9 z oboru psychiatrie a v\u0161\u00edm, co s t\u00edm m\u016f\u017ee souviset.P\u00c9\u010cE A PR\u00c1VA DU\u0160EVN\u011a NEMOCN\u00ddCH LID\u00cdO syst\u00e9mech, instituc\u00edch a pr\u00e1vech upravuj\u00edc\u00edch vztah mezi du\u0161evn\u011b nemocn\u00fdm jedincem a spole\u010dnost\u00ed se k lidem dost\u00e1v\u00e1 \u00fapln\u00e9 minimum informac\u00ed. Naopak i kdy\u017e v\u011bt\u0161ina nem\u00e1 ani tu\u0161en\u00ed, jak financov\u00e1n\u00ed p\u00e9\u010de o psychicky nemocn\u00e9 m\u016f\u017ee vypadat, tak na tomto se ve\u0159ejnost shodla a nem\u00e1 k tomu \u017e\u00e1dn\u00e9 p\u0159ipom\u00ednky.\u00a0Gener\u00e1ln\u00ed \u0159editel WHO konstatoval, \u017ee na sv\u011bt\u011b v t\u00e9to dob\u011b trp\u00ed du\u0161evn\u00ed nemoc\u00ed p\u0159es 40 milion\u016f lid\u00ed.\u00a0\u00a0Lid\u00e9 vn\u00edmaj\u00ed takov\u00e9 osoby jako &#8218;\u0161\u00edlence&#8216;, kte\u0159\u00ed se snadno dopou\u0161t\u00ed \u010din\u016f nebezpe\u010dn\u00fdch pro spole\u010dnost a nehodlaj\u00ed jim n\u011bjak\u00fdm zp\u016fsobem pom\u00e1hat.\u00a0Tento p\u0159\u00edstup nen\u00ed spr\u00e1vn\u00fd a kdy\u017e se \u010dlov\u011bk zamysl\u00ed, tak snadno zjist\u00ed, \u017ee s\u00e1m m\u016f\u017ee do ur\u010dit\u00e9 skupiny pat\u0159it.\u00a0                                                                                                                                                                                                                                                                                                                                                                                        3\/5 - (4 votes)        "},{"@context":"https:\/\/schema.org\/","@type":"BreadcrumbList","itemListElement":[{"@type":"ListItem","position":1,"name":"N\u00e1zory spole\u010dnosti na du\u0161evn\u00ed nemoci","item":"https:\/\/www.aprax.cz\/nazory-spolecnosti-na-dusevni-nemoci\/#breadcrumbitem"}]}]