[{"@context":"https:\/\/schema.org\/","@type":"Article","@id":"https:\/\/www.aprax.cz\/skoda-superb-iii\/#Article","mainEntityOfPage":"https:\/\/www.aprax.cz\/skoda-superb-iii\/","headline":"\u0160koda Superb III","name":"\u0160koda Superb III","description":"Superb vstoupil v roce 2001 jako prvn\u00ed v\u016fz vy\u0161\u0161\u00ed st\u0159edn\u00ed t\u0159\u00eddy od \u0160kody, p\u0159i\u010dem\u017e i t\u0159et\u00ed generace stoj\u00ed za to. S ta\u017en\u00fdm za n\u00ed m\u016f\u017eete tahat, co se V\u00e1m zachce. \u0160koda Superb III Jedn\u00e1 se o poveden\u00fd v\u016fz!? To, jestli se n\u00e1m tato generace l\u00edb\u00ed je \u010dist\u011b individu\u00e1ln\u00ed, ov\u0161em obecn\u011b skl\u00edz\u00ed opravdu \u00fasp\u011bch, co se [&hellip;]","datePublished":"2021-07-20","dateModified":"2023-05-03","author":{"@type":"Person","@id":"https:\/\/www.aprax.cz\/author\/#Person","name":"","url":"https:\/\/www.aprax.cz\/author\/","identifier":1,"image":{"@type":"ImageObject","@id":"https:\/\/secure.gravatar.com\/avatar\/f5ad5dcd5c02ecc0fdaf1fe4b2e9a39ad5c5cc2b614885090f6f77b1ccabb3a9?s=96&d=mm&r=g","url":"https:\/\/secure.gravatar.com\/avatar\/f5ad5dcd5c02ecc0fdaf1fe4b2e9a39ad5c5cc2b614885090f6f77b1ccabb3a9?s=96&d=mm&r=g","height":96,"width":96}},"publisher":{"@type":"Organization","name":"aprax.cz","logo":{"@type":"ImageObject","@id":"\/logo.png","url":"\/logo.png","width":600,"height":60}},"image":{"@type":"ImageObject","@id":"https:\/\/www.aprax.cz\/wp-content\/uploads\/%C5%A0koda%20Superb_1.jpg","url":"https:\/\/www.aprax.cz\/wp-content\/uploads\/%C5%A0koda%20Superb_1.jpg","height":0,"width":0},"url":"https:\/\/www.aprax.cz\/skoda-superb-iii\/","about":["N\u00e1kupy"],"wordCount":464,"articleBody":"       Superb vstoupil v roce 2001 jako prvn\u00ed v\u016fz vy\u0161\u0161\u00ed st\u0159edn\u00ed t\u0159\u00eddy od \u0160kody, p\u0159i\u010dem\u017e i t\u0159et\u00ed generace stoj\u00ed za to. S ta\u017en\u00fdm za n\u00ed m\u016f\u017eete tahat, co se V\u00e1m zachce.\u0160koda Superb IIIJedn\u00e1 se o poveden\u00fd v\u016fz!?To, jestli se n\u00e1m tato generace l\u00edb\u00ed je \u010dist\u011b individu\u00e1ln\u00ed, ov\u0161em obecn\u011b skl\u00edz\u00ed opravdu \u00fasp\u011bch, co se t\u00fd\u010de designu, kdy vep\u0159edu dominuje v\u00fdrazn\u00e1 maska. Jedn\u00e1 se u\u017e o honosn\u011bj\u0161\u00ed v\u016fz, a proto se tu db\u00e1 na komfort, p\u0159i\u010dem\u017e zaj\u00edmavou novinkou je mas\u00e1\u017en\u00ed seda\u010dka. V\u0161echny prvky jsou hezky dostupn\u00e9, tak\u017ee p\u0159i \u0159\u00edzen\u00ed neodv\u00e1d\u00ed pozornost. Vzhledem k \u00faspornosti vol\u00ed \u010dasto lid\u00e9 naftov\u00e9 motory a to konkr\u00e9tn\u011b 2.0 TDI, kter\u00fd poskytne dostatek v\u00fdkonu a z\u00e1rove\u0148 \u00faspornost. S automatickou p\u0159evodovkou je to pohon, s kter\u00fdm je radost vyrazit na del\u0161\u00ed trasy. Pokud se p\u0159esuneme na j\u00edzdn\u00ed vlastnosti, tak ty jsou rozhodn\u011b p\u0159\u00edjemn\u00e9. U sportovn\u00edho re\u017eimu dr\u017e\u00ed v\u016fz hezky stopu, av\u0161ak mus\u00edme pamatovat na to, \u017ee to nen\u00ed \u017e\u00e1dn\u00fd z\u00e1vo\u010f\u00e1k. Jestli\u017ee byste si tedy tento v\u016fz r\u00e1di po\u0159\u00eddili, tak d\u00e1vejte pozor na historii a technicky stav. Pro n\u011bkoho, k\u00f3d chce pohodln\u00fd v\u016fz s dostatkem m\u00edsta, dobr\u00fdmi j\u00edzdn\u00edmi vlastnostmi a dostate\u010dnou v\u00fdbavou to m\u016f\u017ee b\u00fdt skv\u011bl\u00e1 volba.Ta\u017en\u00e9 za autoV\u00fdrobce po\u010d\u00edt\u00e1 s t\u00edm, \u017ee Superb bude prakticky vyu\u017e\u00edv\u00e1n, a proto do jeho karoserie lze namontovat ta\u017en\u00e9 za\u0159\u00edzen\u00ed, kter\u00e1 bez probl\u00e9mu ut\u00e1hne i v\u011bt\u0161\u00ed hmotnost, proto\u017ee v\u016fz m\u00e1 dobrou konstrukci a siln\u011bj\u0161\u00ed motory dostate\u010dn\u00fd v\u00fdkon. Kdy\u017e s t\u00edmto \u00fa\u010delem po\u010d\u00edt\u00e1me, tak jde v\u017edy p\u0159i v\u00fdb\u011bru nov\u00e9ho vozu nakonfigurovat pr\u00e1v\u011b ta\u017en\u00e9, co\u017e je s\u00e1zka na jistotu, kdy \u0160koda v\u00ed, jak\u00e9 se na tento model hod\u00ed. Ov\u0161em kdy\u017e k autu p\u0159ijdeme jako k ojetin\u011b a tento u\u017eite\u010dn\u00fd prvek mu chyb\u00ed, tak to ni\u010demu nevad\u00ed, proto\u017ee m\u016f\u017eeme zvolit dodate\u010dnou mont\u00e1\u017e. Kde r\u00e1zn\u011b zakoupit? To je jednoduch\u00e1 ot\u00e1zka, proto\u017ee v prodeji je n\u011bkolik ta\u017en\u00fdch za\u0159\u00edzen\u00ed \u0160koda Superb Amsa. Z\u00e1le\u017e\u00ed toti\u017e na tom, jak \u010dasto jej budete pou\u017e\u00edvat a k jak\u00e9mu \u00fa\u010delu. Jakmile si vyberete, \u017e\u00e1k sta\u010d\u00ed nav\u0161t\u00edvit servis, kter\u00fd se mont\u00e1\u017e\u00ed t\u011bchto za\u0159\u00edzen\u00ed v\u011bnuje, kter\u00fd V\u00e1m d\u00e1 z\u00e1rove\u0148 potvrzen\u00ed. N\u00e1sleduje u\u017e jednoduch\u00e9 zaps\u00e1n\u00ed na \u00fa\u0159ad\u011b, abyste s n\u00edm mohli jezdit a tahat za n\u00edm zcela leg\u00e1ln\u011b.                                                                                                                                                                                                                                                                                                                                                                                           3.8\/5 - (18 votes)        "},{"@context":"https:\/\/schema.org\/","@type":"BreadcrumbList","itemListElement":[{"@type":"ListItem","position":1,"name":"\u0160koda Superb III","item":"https:\/\/www.aprax.cz\/skoda-superb-iii\/#breadcrumbitem"}]}]