[{"@context":"https:\/\/schema.org\/","@type":"Article","@id":"https:\/\/www.aprax.cz\/zjistete-svoji-barevnou-typologii\/#Article","mainEntityOfPage":"https:\/\/www.aprax.cz\/zjistete-svoji-barevnou-typologii\/","headline":"Zjist\u011bte svoji barevnou typologii","name":"Zjist\u011bte svoji barevnou typologii","description":"Teorie barevn\u00fdch typologi\u00ed je zalo\u017eena na st\u0159\u00edd\u00e1n\u00ed \u010dty\u0159 ro\u010dn\u00edch obdob\u00ed. Prim\u00e1rn\u011b vych\u00e1z\u00ed z poznatku, \u017ee ka\u017ed\u00e9 osobnosti slu\u0161\u00ed n\u011bco jin\u00e9ho. N\u011bkdo se c\u00edt\u00ed l\u00e9pe v tepl\u00fdch barv\u00e1ch, jin\u00e9mu vyhovuj\u00ed barvy studen\u00e9. N\u011bkdo miluje st\u0159\u00edbrn\u00e9 dopl\u0148ky, jin\u00e9mu se l\u00edb\u00ed zlatav\u011b bl\u00fdskav\u00e9. S ur\u010den\u00edm spr\u00e1vn\u00e9ho typu m\u016f\u017ee pomoci zku\u0161en\u00e1 viz\u00e1\u017eistka. P\u0159i tro\u0161e p\u00e1tr\u00e1n\u00ed to m\u016f\u017eete zjistit i [&hellip;]","datePublished":"2025-03-02","dateModified":"2023-05-03","author":{"@type":"Person","@id":"https:\/\/www.aprax.cz\/author\/#Person","name":"","url":"https:\/\/www.aprax.cz\/author\/","identifier":1,"image":{"@type":"ImageObject","@id":"https:\/\/secure.gravatar.com\/avatar\/f5ad5dcd5c02ecc0fdaf1fe4b2e9a39ad5c5cc2b614885090f6f77b1ccabb3a9?s=96&d=mm&r=g","url":"https:\/\/secure.gravatar.com\/avatar\/f5ad5dcd5c02ecc0fdaf1fe4b2e9a39ad5c5cc2b614885090f6f77b1ccabb3a9?s=96&d=mm&r=g","height":96,"width":96}},"publisher":{"@type":"Organization","name":"aprax.cz","logo":{"@type":"ImageObject","@id":"\/logo.png","url":"\/logo.png","width":600,"height":60}},"image":{"@type":"ImageObject","@id":"https:\/\/www.aprax.cz\/wp-content\/uploads\/img_a287604_w2187_t1498151384.jpg","url":"https:\/\/www.aprax.cz\/wp-content\/uploads\/img_a287604_w2187_t1498151384.jpg","height":0,"width":0},"url":"https:\/\/www.aprax.cz\/zjistete-svoji-barevnou-typologii\/","wordCount":430,"articleBody":"Teorie barevn\u00fdch typologi\u00ed je zalo\u017eena na st\u0159\u00edd\u00e1n\u00ed \u010dty\u0159 ro\u010dn\u00edch obdob\u00ed. Prim\u00e1rn\u011b vych\u00e1z\u00ed z poznatku, \u017ee ka\u017ed\u00e9 osobnosti slu\u0161\u00ed n\u011bco jin\u00e9ho. N\u011bkdo se c\u00edt\u00ed l\u00e9pe v tepl\u00fdch barv\u00e1ch, jin\u00e9mu vyhovuj\u00ed barvy studen\u00e9. N\u011bkdo miluje st\u0159\u00edbrn\u00e9 dopl\u0148ky, jin\u00e9mu se l\u00edb\u00ed zlatav\u011b bl\u00fdskav\u00e9. S ur\u010den\u00edm spr\u00e1vn\u00e9ho typu m\u016f\u017ee pomoci zku\u0161en\u00e1 viz\u00e1\u017eistka. P\u0159i tro\u0161e p\u00e1tr\u00e1n\u00ed to m\u016f\u017eete zjistit i doma. Sta\u010d\u00ed se d\u016fkladn\u011b odl\u00ed\u010dit, st\u00e1hnout vlasy dozadu a pomoc\u00ed tzv. \u0161\u00e1tkov\u00e9 metody zjistit, kter\u00fd odst\u00edn je nejvhodn\u011bj\u0161\u00ed.4 barevn\u00e9 typy \u00b7 Jarn\u00ed typy maj\u00ed zpravidla velmi sv\u011btlou pihatou ple\u0165. Rty jsou v\u011bt\u0161inou v odst\u00ednu r\u016f\u017eov\u00e9. Jarn\u00edm typem jsou \u010dasto p\u0159\u00edrodn\u00ed blond\u00fdny nebo \u017eeny a d\u00edvky s velmi sv\u011btle hn\u011bd\u00fdmi vlasy a sv\u011btl\u00fdma o\u010dima. \u017deny jarn\u00edho typu by m\u011bly db\u00e1t na jemn\u00e9 a n\u011b\u017en\u00e9 l\u00ed\u010den\u00ed. Ide\u00e1ln\u00ed barvou pro l\u00ed\u010den\u00ed tv\u00e1\u0159\u00ed i rt\u016f je lososov\u00e1 ve sv\u011btlej\u0161\u00edch i tmav\u0161\u00edch odst\u00ednech. O\u010d\u00edm slu\u0161\u00ed st\u00edny sv\u011btl\u00fdch pastelov\u00fdch odst\u00edn\u016f a jemn\u00e9 \u0161ed\u00e9 \u010di hn\u011bd\u00e9 o\u010dn\u00ed linky. \u00b7 Letn\u00ed typ je nejroz\u0161\u00ed\u0159en\u011bj\u0161\u00ed. Mohou j\u00edm b\u00fdt \u017eeny se sv\u011btl\u00fdmi a\u017e tmav\u00fdmi vlasy. Ani barva o\u010d\u00ed zde nerozhoduje, letn\u00ed typ m\u016f\u017ee m\u00edt modr\u00e9, zelen\u00e9 i hn\u011bd\u00e9 o\u010di. Barvy a oble\u010den\u00ed se pro tento typ doporu\u010duj\u00ed tlumen\u00e9. Velmi slu\u0161iv\u00fdm l\u00ed\u010den\u00edm je v tomto p\u0159\u00edpad\u011b kou\u0159ov\u00e9. \u0160perky by m\u011bly \u017eeny tohoto typu vyb\u00edrat sp\u00ed\u0161e ve st\u0159\u00edbrn\u00fdch variant\u00e1ch. \u00b7 Podzimn\u00ed typ je snadno identifikovateln\u00fd. Jsou to \u017eeny z\u00e1\u0159iv\u00e9 pleti, o\u010d\u00ed a vlas\u016f. O\u010dn\u00ed linky mohou b\u00fdt tmav\u00e9, st\u00edny mohou b\u00fdt r\u016fznobarevn\u00e9, ale v\u017edy tepl\u00fdch odst\u00edn\u016f. Podzimn\u00edmu typu velmi slu\u0161\u00ed d\u0159ev\u011bn\u00e9 nebo jin\u00e9 p\u0159\u00edrodn\u00ed \u0161perky. \u00b7 Zimn\u00ed typ m\u00e1 bledou ple\u0165 a velmi tmav\u00e9 vlasy, obo\u010d\u00ed i o\u010di. \u017deny zimn\u00edho typu jsou samy o sob\u011b velmi v\u00fdrazn\u00e9, a proto se nemus\u00ed b\u00e1t odv\u00e1\u017en\u011bj\u0161\u00edho l\u00ed\u010den\u00ed. Na o\u010d\u00edch skv\u011ble vyniknou ledov\u00e9 odst\u00edny tmav\u0161\u00edch barev. Jako jedin\u00e9mu typu se pro o\u010dn\u00ed linky doporu\u010duje \u010dern\u00e1 barva. Zimn\u00ed typy by si m\u011bly vyb\u00edrat v\u00fdrazn\u00e9 leskl\u00e9 \u0161perky, kter\u00e9 je\u0161t\u011b podtrhnou jejich v\u00fdrazn\u00fd vzhled.                                                                                                                                                                                                                                                                                                                                                                                        4\/5 - (5 votes)        "},{"@context":"https:\/\/schema.org\/","@type":"BreadcrumbList","itemListElement":[{"@type":"ListItem","position":1,"name":"Zjist\u011bte svoji barevnou typologii","item":"https:\/\/www.aprax.cz\/zjistete-svoji-barevnou-typologii\/#breadcrumbitem"}]}]